{"id":2644,"date":"2023-09-14T14:49:19","date_gmt":"2023-09-14T12:49:19","guid":{"rendered":"https:\/\/www.camping-les-genets.fr\/?p=2644"},"modified":"2024-01-18T08:17:23","modified_gmt":"2024-01-18T07:17:23","slug":"cani-randonnee","status":"publish","type":"post","link":"https:\/\/www.camping-les-genets.fr\/fr\/evenementss\/cani-randonnee\/","title":{"rendered":"Cani-randonn\u00e9e\u00a0avec\u00a0nouveau prestataire\u00a0au camping"},"content":{"rendered":"<section id=\"ls-section-block_d12bc566434d3b2bd668007d510d8e80\" class=\"ls-section \" >\r\n        <div class=\"container container--wide\">\r\n        \n\n<h1 class=\"ls__heading wp-block-heading\"><strong>Cani-randonn\u00e9e<\/strong>&nbsp;avec&nbsp;<strong>nouveau prestataire<\/strong>&nbsp;au camping<\/h1>\n\n\n<section id=\"ls-section-block_c8efac4783041e4093c6e764430f2ec8\" class=\"ls-section  page-two background-blu-right has-p-t p-t-14\" >\r\n        <div class=\"container container--full\">\r\n        \n\n<div class=\"wp-block-columns is-layout-flex wp-container-core-columns-is-layout-9d6595d7 wp-block-columns-is-layout-flex\">\n<div class=\"wp-block-column is-vertically-aligned-top first is-layout-flow wp-block-column-is-layout-flow\" style=\"flex-basis:33.33%\">\n<p class=\"ls-paragraph h2\"><strong>Les Nordiques du L\u00e9v\u00e9zou<\/strong><\/p>\n\n\n\n<p class=\"ls-paragraph\">Simon, Educateur Sportif, sp\u00e9cialis\u00e9 dans les activit\u00e9s d&rsquo;attelage canin vous fera profiter en 2023 de cani-randonn\u00e9es avec ses Huskys de Sib\u00e9rie.<\/p>\n\n\n\n<p class=\"ls-paragraph\">Offrez \u00e0 votre famille ou \u00e0 vos amis une exp\u00e9rience exceptionnelle de randonn\u00e9e p\u00e9destre, assist\u00e9e par ces Huskys pleins d&rsquo;enthousiasme et d&rsquo;\u00e9nergie.<\/p>\n\n\n\n<p class=\"ls-paragraph\">Une aventure inoubliable sur les lacs et les monts du L\u00e9v\u00e9zou.<\/p>\n\n\n\n<p class=\"ls-paragraph\">Nos clients du camping auront une belle remise de 15% !<\/p>\n\n\n\n<p class=\"ls-paragraph\">R\u00e9servation au 06 82 26 98 50 ou lesnordiquesdulevezou@gmail.com.<\/p>\n<\/div>\n\n\n\n<div class=\"wp-block-column second is-layout-flow wp-block-column-is-layout-flow\" style=\"flex-basis:66.66%\">\n<figure class=\"wp-block-image size-large image\"><img decoding=\"async\" width=\"1920\" height=\"1921\" src=\"https:\/\/www.camping-les-genets.fr\/wp-content\/uploads\/2023\/09\/Cani-randonnee-avec-nouveau-prestataire-au-camping-les-genets-edited.webp\" alt=\"Cani-randonn\u00e9e avec nouveau prestataire au camping les genets\" class=\"wp-image-3100\" srcset=\"https:\/\/www.camping-les-genets.fr\/wp-content\/uploads\/2023\/09\/Cani-randonnee-avec-nouveau-prestataire-au-camping-les-genets-edited.webp 1920w, https:\/\/www.camping-les-genets.fr\/wp-content\/uploads\/2023\/09\/Cani-randonnee-avec-nouveau-prestataire-au-camping-les-genets-edited-300x300.webp 300w, https:\/\/www.camping-les-genets.fr\/wp-content\/uploads\/2023\/09\/Cani-randonnee-avec-nouveau-prestataire-au-camping-les-genets-edited-1024x1024.webp 1024w, https:\/\/www.camping-les-genets.fr\/wp-content\/uploads\/2023\/09\/Cani-randonnee-avec-nouveau-prestataire-au-camping-les-genets-edited-150x150.webp 150w, https:\/\/www.camping-les-genets.fr\/wp-content\/uploads\/2023\/09\/Cani-randonnee-avec-nouveau-prestataire-au-camping-les-genets-edited-768x768.webp 768w, https:\/\/www.camping-les-genets.fr\/wp-content\/uploads\/2023\/09\/Cani-randonnee-avec-nouveau-prestataire-au-camping-les-genets-edited-1536x1536.webp 1536w\" sizes=\"(max-width: 1920px) 100vw, 1920px\" \/><\/figure>\n<\/div>\n<\/div>\n\n\r\n    <\/div>\r\n<\/section>\n\r\n    <\/div>\r\n<\/section>","protected":false},"excerpt":{"rendered":"","protected":false},"author":1,"featured_media":0,"comment_status":"closed","ping_status":"closed","sticky":false,"template":"","format":"standard","meta":{"_acf_changed":false,"inline_featured_image":false,"footnotes":""},"categories":[24,1],"tags":[],"sujet":[],"class_list":["post-2644","post","type-post","status-publish","format-standard","hentry","category-evenementss","category-non-classifiee"],"acf":[],"yoast_head":"<!-- This site is optimized with the Yoast SEO plugin v27.3 - https:\/\/yoast.com\/product\/yoast-seo-wordpress\/ -->\n<title>Cani-randonn\u00e9e\u00a0avec\u00a0nouveau prestataire\u00a0au camping - Camping les Genets<\/title>\n<meta name=\"robots\" content=\"index, follow, max-snippet:-1, max-image-preview:large, max-video-preview:-1\" \/>\n<link rel=\"canonical\" href=\"https:\/\/www.camping-les-genets.fr\/fr\/evenementss\/cani-randonnee\/\" \/>\n<meta property=\"og:locale\" content=\"fr_FR\" \/>\n<meta property=\"og:type\" content=\"article\" \/>\n<meta property=\"og:title\" content=\"Cani-randonn\u00e9e\u00a0avec\u00a0nouveau prestataire\u00a0au camping - Camping les Genets\" \/>\n<meta property=\"og:url\" content=\"https:\/\/www.camping-les-genets.fr\/fr\/evenementss\/cani-randonnee\/\" \/>\n<meta property=\"og:site_name\" content=\"Camping les Genets\" \/>\n<meta property=\"article:published_time\" content=\"2023-09-14T12:49:19+00:00\" \/>\n<meta property=\"article:modified_time\" content=\"2024-01-18T07:17:23+00:00\" \/>\n<meta property=\"og:image\" content=\"https:\/\/www.camping-les-genets.fr\/wp-content\/uploads\/2023\/09\/Cani-randonnee-avec-nouveau-prestataire-au-camping-les-genets-edited.webp\" \/>\n<meta name=\"author\" content=\"@dmin64\" \/>\n<meta name=\"twitter:card\" content=\"summary_large_image\" \/>\n<meta name=\"twitter:label1\" content=\"\u00c9crit par\" \/>\n\t<meta name=\"twitter:data1\" content=\"@dmin64\" \/>\n\t<meta name=\"twitter:label2\" content=\"Dur\u00e9e de lecture estim\u00e9e\" \/>\n\t<meta name=\"twitter:data2\" content=\"1 minute\" \/>\n<script type=\"application\/ld+json\" class=\"yoast-schema-graph\">{\"@context\":\"https:\\\/\\\/schema.org\",\"@graph\":[{\"@type\":\"Article\",\"@id\":\"https:\\\/\\\/www.camping-les-genets.fr\\\/fr\\\/evenementss\\\/cani-randonnee\\\/#article\",\"isPartOf\":{\"@id\":\"https:\\\/\\\/www.camping-les-genets.fr\\\/fr\\\/evenementss\\\/cani-randonnee\\\/\"},\"author\":{\"name\":\"@dmin64\",\"@id\":\"https:\\\/\\\/www.camping-les-genets.fr\\\/fr\\\/#\\\/schema\\\/person\\\/e3cc6e9ca2034fec27387ee35758868d\"},\"headline\":\"Cani-randonn\u00e9e\u00a0avec\u00a0nouveau prestataire\u00a0au camping\",\"datePublished\":\"2023-09-14T12:49:19+00:00\",\"dateModified\":\"2024-01-18T07:17:23+00:00\",\"mainEntityOfPage\":{\"@id\":\"https:\\\/\\\/www.camping-les-genets.fr\\\/fr\\\/evenementss\\\/cani-randonnee\\\/\"},\"wordCount\":103,\"publisher\":{\"@id\":\"https:\\\/\\\/www.camping-les-genets.fr\\\/fr\\\/#organization\"},\"image\":{\"@id\":\"https:\\\/\\\/www.camping-les-genets.fr\\\/fr\\\/evenementss\\\/cani-randonnee\\\/#primaryimage\"},\"thumbnailUrl\":\"https:\\\/\\\/www.camping-les-genets.fr\\\/wp-content\\\/uploads\\\/2023\\\/09\\\/Cani-randonnee-avec-nouveau-prestataire-au-camping-les-genets-edited.webp\",\"articleSection\":[\"Actualit\u00e9s du camping Les Gen\u00eats | Blog et id\u00e9es vacances\",\"Non classifi\u00e9(e)\"],\"inLanguage\":\"fr-FR\"},{\"@type\":\"WebPage\",\"@id\":\"https:\\\/\\\/www.camping-les-genets.fr\\\/fr\\\/evenementss\\\/cani-randonnee\\\/\",\"url\":\"https:\\\/\\\/www.camping-les-genets.fr\\\/fr\\\/evenementss\\\/cani-randonnee\\\/\",\"name\":\"Cani-randonn\u00e9e\u00a0avec\u00a0nouveau prestataire\u00a0au camping - Camping les Genets\",\"isPartOf\":{\"@id\":\"https:\\\/\\\/www.camping-les-genets.fr\\\/fr\\\/#website\"},\"primaryImageOfPage\":{\"@id\":\"https:\\\/\\\/www.camping-les-genets.fr\\\/fr\\\/evenementss\\\/cani-randonnee\\\/#primaryimage\"},\"image\":{\"@id\":\"https:\\\/\\\/www.camping-les-genets.fr\\\/fr\\\/evenementss\\\/cani-randonnee\\\/#primaryimage\"},\"thumbnailUrl\":\"https:\\\/\\\/www.camping-les-genets.fr\\\/wp-content\\\/uploads\\\/2023\\\/09\\\/Cani-randonnee-avec-nouveau-prestataire-au-camping-les-genets-edited.webp\",\"datePublished\":\"2023-09-14T12:49:19+00:00\",\"dateModified\":\"2024-01-18T07:17:23+00:00\",\"breadcrumb\":{\"@id\":\"https:\\\/\\\/www.camping-les-genets.fr\\\/fr\\\/evenementss\\\/cani-randonnee\\\/#breadcrumb\"},\"inLanguage\":\"fr-FR\",\"potentialAction\":[{\"@type\":\"ReadAction\",\"target\":[\"https:\\\/\\\/www.camping-les-genets.fr\\\/fr\\\/evenementss\\\/cani-randonnee\\\/\"]}]},{\"@type\":\"ImageObject\",\"inLanguage\":\"fr-FR\",\"@id\":\"https:\\\/\\\/www.camping-les-genets.fr\\\/fr\\\/evenementss\\\/cani-randonnee\\\/#primaryimage\",\"url\":\"https:\\\/\\\/www.camping-les-genets.fr\\\/wp-content\\\/uploads\\\/2023\\\/09\\\/Cani-randonnee-avec-nouveau-prestataire-au-camping-les-genets-edited.webp\",\"contentUrl\":\"https:\\\/\\\/www.camping-les-genets.fr\\\/wp-content\\\/uploads\\\/2023\\\/09\\\/Cani-randonnee-avec-nouveau-prestataire-au-camping-les-genets-edited.webp\"},{\"@type\":\"BreadcrumbList\",\"@id\":\"https:\\\/\\\/www.camping-les-genets.fr\\\/fr\\\/evenementss\\\/cani-randonnee\\\/#breadcrumb\",\"itemListElement\":[{\"@type\":\"ListItem\",\"position\":1,\"name\":\"Camping Aveyron\",\"item\":\"https:\\\/\\\/www.camping-les-genets.fr\\\/fr\\\/\"},{\"@type\":\"ListItem\",\"position\":2,\"name\":\"Cani-randonn\u00e9e\u00a0avec\u00a0nouveau prestataire\u00a0au camping\"}]},{\"@type\":\"WebSite\",\"@id\":\"https:\\\/\\\/www.camping-les-genets.fr\\\/fr\\\/#website\",\"url\":\"https:\\\/\\\/www.camping-les-genets.fr\\\/fr\\\/\",\"name\":\"Camping les Genets\",\"description\":\"\",\"publisher\":{\"@id\":\"https:\\\/\\\/www.camping-les-genets.fr\\\/fr\\\/#organization\"},\"potentialAction\":[{\"@type\":\"SearchAction\",\"target\":{\"@type\":\"EntryPoint\",\"urlTemplate\":\"https:\\\/\\\/www.camping-les-genets.fr\\\/fr\\\/?s={search_term_string}\"},\"query-input\":{\"@type\":\"PropertyValueSpecification\",\"valueRequired\":true,\"valueName\":\"search_term_string\"}}],\"inLanguage\":\"fr-FR\"},{\"@type\":\"Organization\",\"@id\":\"https:\\\/\\\/www.camping-les-genets.fr\\\/fr\\\/#organization\",\"name\":\"Camping les Genets\",\"url\":\"https:\\\/\\\/www.camping-les-genets.fr\\\/fr\\\/\",\"logo\":{\"@type\":\"ImageObject\",\"inLanguage\":\"fr-FR\",\"@id\":\"https:\\\/\\\/www.camping-les-genets.fr\\\/fr\\\/#\\\/schema\\\/logo\\\/image\\\/\",\"url\":\"https:\\\/\\\/www.camping-les-genets.fr\\\/wp-content\\\/uploads\\\/2023\\\/07\\\/cropped-logo-camping-genets-footer.png\",\"contentUrl\":\"https:\\\/\\\/www.camping-les-genets.fr\\\/wp-content\\\/uploads\\\/2023\\\/07\\\/cropped-logo-camping-genets-footer.png\",\"width\":500,\"height\":295,\"caption\":\"Camping les Genets\"},\"image\":{\"@id\":\"https:\\\/\\\/www.camping-les-genets.fr\\\/fr\\\/#\\\/schema\\\/logo\\\/image\\\/\"}},{\"@type\":\"Person\",\"@id\":\"https:\\\/\\\/www.camping-les-genets.fr\\\/fr\\\/#\\\/schema\\\/person\\\/e3cc6e9ca2034fec27387ee35758868d\",\"name\":\"@dmin64\",\"image\":{\"@type\":\"ImageObject\",\"inLanguage\":\"fr-FR\",\"@id\":\"https:\\\/\\\/secure.gravatar.com\\\/avatar\\\/c139ef583a0e65260f6808f5628e6eca9fa8608b06e80bc14d5c39d32af667ca?s=96&d=mm&r=g\",\"url\":\"https:\\\/\\\/secure.gravatar.com\\\/avatar\\\/c139ef583a0e65260f6808f5628e6eca9fa8608b06e80bc14d5c39d32af667ca?s=96&d=mm&r=g\",\"contentUrl\":\"https:\\\/\\\/secure.gravatar.com\\\/avatar\\\/c139ef583a0e65260f6808f5628e6eca9fa8608b06e80bc14d5c39d32af667ca?s=96&d=mm&r=g\",\"caption\":\"@dmin64\"},\"sameAs\":[\"https:\\\/\\\/www.camping-les-genets.fr\"]}]}<\/script>\n<!-- \/ Yoast SEO plugin. -->","yoast_head_json":{"title":"Cani-randonn\u00e9e\u00a0avec\u00a0nouveau prestataire\u00a0au camping - Camping les Genets","robots":{"index":"index","follow":"follow","max-snippet":"max-snippet:-1","max-image-preview":"max-image-preview:large","max-video-preview":"max-video-preview:-1"},"canonical":"https:\/\/www.camping-les-genets.fr\/fr\/evenementss\/cani-randonnee\/","og_locale":"fr_FR","og_type":"article","og_title":"Cani-randonn\u00e9e\u00a0avec\u00a0nouveau prestataire\u00a0au camping - Camping les Genets","og_url":"https:\/\/www.camping-les-genets.fr\/fr\/evenementss\/cani-randonnee\/","og_site_name":"Camping les Genets","article_published_time":"2023-09-14T12:49:19+00:00","article_modified_time":"2024-01-18T07:17:23+00:00","og_image":[{"url":"https:\/\/www.camping-les-genets.fr\/wp-content\/uploads\/2023\/09\/Cani-randonnee-avec-nouveau-prestataire-au-camping-les-genets-edited.webp","type":"","width":"","height":""}],"author":"@dmin64","twitter_card":"summary_large_image","twitter_misc":{"\u00c9crit par":"@dmin64","Dur\u00e9e de lecture estim\u00e9e":"1 minute"},"schema":{"@context":"https:\/\/schema.org","@graph":[{"@type":"Article","@id":"https:\/\/www.camping-les-genets.fr\/fr\/evenementss\/cani-randonnee\/#article","isPartOf":{"@id":"https:\/\/www.camping-les-genets.fr\/fr\/evenementss\/cani-randonnee\/"},"author":{"name":"@dmin64","@id":"https:\/\/www.camping-les-genets.fr\/fr\/#\/schema\/person\/e3cc6e9ca2034fec27387ee35758868d"},"headline":"Cani-randonn\u00e9e\u00a0avec\u00a0nouveau prestataire\u00a0au camping","datePublished":"2023-09-14T12:49:19+00:00","dateModified":"2024-01-18T07:17:23+00:00","mainEntityOfPage":{"@id":"https:\/\/www.camping-les-genets.fr\/fr\/evenementss\/cani-randonnee\/"},"wordCount":103,"publisher":{"@id":"https:\/\/www.camping-les-genets.fr\/fr\/#organization"},"image":{"@id":"https:\/\/www.camping-les-genets.fr\/fr\/evenementss\/cani-randonnee\/#primaryimage"},"thumbnailUrl":"https:\/\/www.camping-les-genets.fr\/wp-content\/uploads\/2023\/09\/Cani-randonnee-avec-nouveau-prestataire-au-camping-les-genets-edited.webp","articleSection":["Actualit\u00e9s du camping Les Gen\u00eats | Blog et id\u00e9es vacances","Non classifi\u00e9(e)"],"inLanguage":"fr-FR"},{"@type":"WebPage","@id":"https:\/\/www.camping-les-genets.fr\/fr\/evenementss\/cani-randonnee\/","url":"https:\/\/www.camping-les-genets.fr\/fr\/evenementss\/cani-randonnee\/","name":"Cani-randonn\u00e9e\u00a0avec\u00a0nouveau prestataire\u00a0au camping - Camping les Genets","isPartOf":{"@id":"https:\/\/www.camping-les-genets.fr\/fr\/#website"},"primaryImageOfPage":{"@id":"https:\/\/www.camping-les-genets.fr\/fr\/evenementss\/cani-randonnee\/#primaryimage"},"image":{"@id":"https:\/\/www.camping-les-genets.fr\/fr\/evenementss\/cani-randonnee\/#primaryimage"},"thumbnailUrl":"https:\/\/www.camping-les-genets.fr\/wp-content\/uploads\/2023\/09\/Cani-randonnee-avec-nouveau-prestataire-au-camping-les-genets-edited.webp","datePublished":"2023-09-14T12:49:19+00:00","dateModified":"2024-01-18T07:17:23+00:00","breadcrumb":{"@id":"https:\/\/www.camping-les-genets.fr\/fr\/evenementss\/cani-randonnee\/#breadcrumb"},"inLanguage":"fr-FR","potentialAction":[{"@type":"ReadAction","target":["https:\/\/www.camping-les-genets.fr\/fr\/evenementss\/cani-randonnee\/"]}]},{"@type":"ImageObject","inLanguage":"fr-FR","@id":"https:\/\/www.camping-les-genets.fr\/fr\/evenementss\/cani-randonnee\/#primaryimage","url":"https:\/\/www.camping-les-genets.fr\/wp-content\/uploads\/2023\/09\/Cani-randonnee-avec-nouveau-prestataire-au-camping-les-genets-edited.webp","contentUrl":"https:\/\/www.camping-les-genets.fr\/wp-content\/uploads\/2023\/09\/Cani-randonnee-avec-nouveau-prestataire-au-camping-les-genets-edited.webp"},{"@type":"BreadcrumbList","@id":"https:\/\/www.camping-les-genets.fr\/fr\/evenementss\/cani-randonnee\/#breadcrumb","itemListElement":[{"@type":"ListItem","position":1,"name":"Camping Aveyron","item":"https:\/\/www.camping-les-genets.fr\/fr\/"},{"@type":"ListItem","position":2,"name":"Cani-randonn\u00e9e\u00a0avec\u00a0nouveau prestataire\u00a0au camping"}]},{"@type":"WebSite","@id":"https:\/\/www.camping-les-genets.fr\/fr\/#website","url":"https:\/\/www.camping-les-genets.fr\/fr\/","name":"Camping les Genets","description":"","publisher":{"@id":"https:\/\/www.camping-les-genets.fr\/fr\/#organization"},"potentialAction":[{"@type":"SearchAction","target":{"@type":"EntryPoint","urlTemplate":"https:\/\/www.camping-les-genets.fr\/fr\/?s={search_term_string}"},"query-input":{"@type":"PropertyValueSpecification","valueRequired":true,"valueName":"search_term_string"}}],"inLanguage":"fr-FR"},{"@type":"Organization","@id":"https:\/\/www.camping-les-genets.fr\/fr\/#organization","name":"Camping les Genets","url":"https:\/\/www.camping-les-genets.fr\/fr\/","logo":{"@type":"ImageObject","inLanguage":"fr-FR","@id":"https:\/\/www.camping-les-genets.fr\/fr\/#\/schema\/logo\/image\/","url":"https:\/\/www.camping-les-genets.fr\/wp-content\/uploads\/2023\/07\/cropped-logo-camping-genets-footer.png","contentUrl":"https:\/\/www.camping-les-genets.fr\/wp-content\/uploads\/2023\/07\/cropped-logo-camping-genets-footer.png","width":500,"height":295,"caption":"Camping les Genets"},"image":{"@id":"https:\/\/www.camping-les-genets.fr\/fr\/#\/schema\/logo\/image\/"}},{"@type":"Person","@id":"https:\/\/www.camping-les-genets.fr\/fr\/#\/schema\/person\/e3cc6e9ca2034fec27387ee35758868d","name":"@dmin64","image":{"@type":"ImageObject","inLanguage":"fr-FR","@id":"https:\/\/secure.gravatar.com\/avatar\/c139ef583a0e65260f6808f5628e6eca9fa8608b06e80bc14d5c39d32af667ca?s=96&d=mm&r=g","url":"https:\/\/secure.gravatar.com\/avatar\/c139ef583a0e65260f6808f5628e6eca9fa8608b06e80bc14d5c39d32af667ca?s=96&d=mm&r=g","contentUrl":"https:\/\/secure.gravatar.com\/avatar\/c139ef583a0e65260f6808f5628e6eca9fa8608b06e80bc14d5c39d32af667ca?s=96&d=mm&r=g","caption":"@dmin64"},"sameAs":["https:\/\/www.camping-les-genets.fr"]}]}},"_links":{"self":[{"href":"https:\/\/www.camping-les-genets.fr\/fr\/wp-json\/wp\/v2\/posts\/2644","targetHints":{"allow":["GET"]}}],"collection":[{"href":"https:\/\/www.camping-les-genets.fr\/fr\/wp-json\/wp\/v2\/posts"}],"about":[{"href":"https:\/\/www.camping-les-genets.fr\/fr\/wp-json\/wp\/v2\/types\/post"}],"author":[{"embeddable":true,"href":"https:\/\/www.camping-les-genets.fr\/fr\/wp-json\/wp\/v2\/users\/1"}],"replies":[{"embeddable":true,"href":"https:\/\/www.camping-les-genets.fr\/fr\/wp-json\/wp\/v2\/comments?post=2644"}],"version-history":[{"count":10,"href":"https:\/\/www.camping-les-genets.fr\/fr\/wp-json\/wp\/v2\/posts\/2644\/revisions"}],"predecessor-version":[{"id":6123,"href":"https:\/\/www.camping-les-genets.fr\/fr\/wp-json\/wp\/v2\/posts\/2644\/revisions\/6123"}],"wp:attachment":[{"href":"https:\/\/www.camping-les-genets.fr\/fr\/wp-json\/wp\/v2\/media?parent=2644"}],"wp:term":[{"taxonomy":"category","embeddable":true,"href":"https:\/\/www.camping-les-genets.fr\/fr\/wp-json\/wp\/v2\/categories?post=2644"},{"taxonomy":"post_tag","embeddable":true,"href":"https:\/\/www.camping-les-genets.fr\/fr\/wp-json\/wp\/v2\/tags?post=2644"},{"taxonomy":"sujet","embeddable":true,"href":"https:\/\/www.camping-les-genets.fr\/fr\/wp-json\/wp\/v2\/sujet?post=2644"}],"curies":[{"name":"wp","href":"https:\/\/api.w.org\/{rel}","templated":true}]}}